[{"@context":"https:\/\/schema.org\/","@type":"Article","@id":"https:\/\/www.pimpa.cz\/politicke-diskuze\/#Article","mainEntityOfPage":"https:\/\/www.pimpa.cz\/politicke-diskuze\/","headline":"Politick\u00e9 diskuze","name":"Politick\u00e9 diskuze","description":"Lid\u00e9 maj\u00ed na politick\u00e9 diskuze r\u016fzn\u00fd n\u00e1zor. Rozhodn\u011b se najdou lid\u00e9, kte\u0159\u00ed se na n\u011bco takov\u00e9ho pod\u00edvaj\u00ed r\u00e1di, ale najdou se i tac\u00ed, kte\u0159\u00ed o n\u011b\u010dem takov\u00e9m necht\u011bj\u00ed sly\u0161et a to proto, \u017ee to pova\u017euj\u00ed za zbyte\u010dnost. To, \u017ee n\u011bkdo nechce sledovat politiku, je jen jeho rozhodnut\u00ed a m\u011bli bychom dan\u00e9ho \u010dlov\u011bka respektovat. Pro\u010d? Proto\u017ee...","datePublished":"2023-11-23","dateModified":"2023-11-23","author":{"@type":"Person","@id":"https:\/\/www.pimpa.cz\/author\/#Person","name":"","url":"https:\/\/www.pimpa.cz\/author\/","identifier":1,"image":{"@type":"ImageObject","@id":"https:\/\/secure.gravatar.com\/avatar\/f08fec9e5d161146672022190172bcb121f980bd7a64f251ea643f4b19d0f071?s=96&d=mm&r=g","url":"https:\/\/secure.gravatar.com\/avatar\/f08fec9e5d161146672022190172bcb121f980bd7a64f251ea643f4b19d0f071?s=96&d=mm&r=g","height":96,"width":96}},"publisher":{"@type":"Organization","name":"pimpa.cz","logo":{"@type":"ImageObject","@id":"\/logo.png","url":"\/logo.png","width":600,"height":60}},"image":{"@type":"ImageObject","@id":"https:\/\/www.pimpa.cz\/wp-content\/uploads\/bundestag-2463236_640_1.jpg","url":"https:\/\/www.pimpa.cz\/wp-content\/uploads\/bundestag-2463236_640_1.jpg","height":0,"width":0},"url":"https:\/\/www.pimpa.cz\/politicke-diskuze\/","about":["Politika"],"wordCount":431,"articleBody":"Lid\u00e9 maj\u00ed na politick\u00e9 diskuze r\u016fzn\u00fd n\u00e1zor. Rozhodn\u011b se najdou lid\u00e9, kte\u0159\u00ed se na n\u011bco takov\u00e9ho pod\u00edvaj\u00ed r\u00e1di, ale najdou se i tac\u00ed, kte\u0159\u00ed o n\u011b\u010dem takov\u00e9m necht\u011bj\u00ed sly\u0161et a to proto, \u017ee to pova\u017euj\u00ed za zbyte\u010dnost. To, \u017ee n\u011bkdo nechce sledovat politiku, je jen jeho rozhodnut\u00ed a m\u011bli bychom dan\u00e9ho \u010dlov\u011bka respektovat. Pro\u010d? Proto\u017ee ka\u017ed\u00fd m\u016f\u017ee sledovat co chce. Nikde nen\u00ed dan\u00e9, \u017ee se ka\u017ed\u00fd \u010dlov\u011bk mus\u00ed zab\u00fdvat politikou a politick\u00fdmi debatami. Ne ka\u017ed\u00fd je zv\u011bdav\u00fd na to, jak se dva lid\u00e9 dohaduj\u00ed o v\u011bci, kter\u00e1 je naprosto absurdn\u00ed. Politick\u00e9 diskuze pro \u0159adu lid\u00ed nejsou z\u00e1bavn\u00e9, a pr\u00e1v\u011b z toho d\u016fvodu o n\u011bco takov\u00e9ho nen\u00ed a\u017e tak velk\u00fd z\u00e1jem, jak si n\u011bkte\u0159\u00ed mohou myslet.Najdou se lid\u00e9, kte\u0159\u00ed politiku po oku sleduj\u00ed jen v dob\u011b, kdy se m\u00e1 volit prezident a t\u00edm to pro dan\u00e9ho \u010dlov\u011bka kon\u010d\u00ed. I n\u011bco takov\u00e9ho je ur\u010dit\u00fd p\u0159\u00edstup a nikdo by dan\u00e9mu \u010dlov\u011bku nem\u011bl nad\u00e1vat za to, \u017ee se rozhodl \u0159e\u0161it pouze volbu prezidenta. Ka\u017ed\u00fd \u010dlov\u011bk je jin\u00fd. Jsou lid\u00e9, kte\u0159\u00ed maj\u00ed pocit, \u017ee se ka\u017ed\u00fd z n\u00e1s mus\u00ed v\u011bnovat v\u0161emu, co se t\u00fdk\u00e1 politiky a jsou tac\u00ed, kter\u00e9 to v\u016fbec nezaj\u00edm\u00e1. Ka\u017ed\u00fd \u010dlov\u011bk k tomu p\u0159istupuje jinak a nikdo z n\u00e1s nem\u016f\u017ee tvrdit, \u017ee je to dob\u0159e nebo \u0161patn\u011b. Politika je pro mnoh\u00e9 nudn\u00e1 a to proto, \u017ee ve v\u00fdsledku dva lid\u00e9 stejn\u011b nedojdou k \u017e\u00e1dn\u00e9mu z\u00e1v\u011bru. Mnohdy jen dojdou k tomu, \u017ee na sebe h\u00e1z\u00ed v\u0161echnu \u0161p\u00ednu, co\u017e celou \u0159adu lid\u00ed opravdu nezaj\u00edm\u00e1 a dan\u00fd \u010das rad\u011bji str\u00e1v\u00ed daleko produktivn\u011bji ne\u017e se d\u00edvat na dva lidi, kte\u0159\u00ed se chovaj\u00ed jako d\u011bti z mate\u0159sk\u00e9 \u0161kolky, a to u\u017e jsou d\u00e1vno ze \u0161kolky pry\u010d. Ka\u017ed\u00fd si m\u016f\u017ee vybrat co bude a co nebude sledovat. Opravdu je to o dan\u00e9m \u010dlov\u011bku. Jestli\u017ee to m\u00e1te u v\u00e1s v rodin\u011b tak, \u017ee jeden politiku sleduje a druh\u00fd nikoliv, \u0159e\u0161en\u00edm jsou nap\u0159\u00edklad dv\u011b televize, kdy se na jedn\u00e9 m\u016f\u017eete d\u00edvat na politick\u00e9 debaty a na druh\u00e9 si va\u0161e polovi\u010dka bude moct pustit cokoliv, co bude zrovna cht\u00edt. Je na ka\u017ed\u00e9m, jak k politice p\u0159istoup\u00ed.                                                                                                                                                                                                                                                                                                                                                                                        4\/5 - (12 votes)        "},{"@context":"https:\/\/schema.org\/","@type":"BreadcrumbList","itemListElement":[{"@type":"ListItem","position":1,"name":"Politick\u00e9 diskuze","item":"https:\/\/www.pimpa.cz\/politicke-diskuze\/#breadcrumbitem"}]}]