[{"@context":"https:\/\/schema.org\/","@type":"Blog","@id":"https:\/\/www.pimpa.cz#Blog","headline":"Pimpa","description":"\nPodnikatel\u00e9 v\u00a0jednom kuse n\u011bco sh\u00e1n\u011bj\u00ed. Suroviny, rady, n\u00e1pady, z\u00e1kazn\u00edky a kdo v\u00ed, co v\u0161echno je\u0161t\u011b. A pr\u00e1v\u011b na na\u0161em webu v\u00a0tomto maj\u00ed na v\u00fdb\u011br.","url":"https:\/\/www.pimpa.cz","hasPart":[{"@type":"Article","@id":"https:\/\/www.pimpa.cz\/vanoce-na-ceskem-internetu\/","headline":"V\u00e1noce na (\u010desk\u00e9m) Internetu","url":"https:\/\/www.pimpa.cz\/vanoce-na-ceskem-internetu\/","datePublished":"2023-05-22","dateModified":"2023-05-22","mainEntityOfPage":"https:\/\/www.pimpa.cz\/vanoce-na-ceskem-internetu\/","author":{"@type":"Person","@id":"https:\/\/www.pimpa.cz\/author\/#Person","name":"","url":"https:\/\/www.pimpa.cz\/author\/","identifier":1,"image":{"@type":"ImageObject","@id":"https:\/\/secure.gravatar.com\/avatar\/f08fec9e5d161146672022190172bcb121f980bd7a64f251ea643f4b19d0f071?s=96&d=mm&r=g","url":"https:\/\/secure.gravatar.com\/avatar\/f08fec9e5d161146672022190172bcb121f980bd7a64f251ea643f4b19d0f071?s=96&d=mm&r=g","height":96,"width":96}},"publisher":{"@type":"Organization","name":"pimpa.cz","logo":{"@type":"ImageObject","@id":"\/logo.png","url":"\/logo.png","width":600,"height":60}},"image":{"@type":"ImageObject","@id":"https:\/\/www.pimpa.cz\/wp-content\/uploads\/img_a309077_w2049_t1520058155.jpg","url":"https:\/\/www.pimpa.cz\/wp-content\/uploads\/img_a309077_w2049_t1520058155.jpg","height":0,"width":0},"wordCount":631,"keywords":null},{"@type":"Article","@id":"https:\/\/www.pimpa.cz\/cteni-knihy-bez-jejiho-otevreni\/","headline":"\u010cten\u00ed knihy bez jej\u00edho otev\u0159en\u00ed","url":"https:\/\/www.pimpa.cz\/cteni-knihy-bez-jejiho-otevreni\/","datePublished":"2023-05-22","dateModified":"2023-05-22","mainEntityOfPage":"https:\/\/www.pimpa.cz\/cteni-knihy-bez-jejiho-otevreni\/","author":{"@type":"Person","@id":"https:\/\/www.pimpa.cz\/author\/#Person","name":"","url":"https:\/\/www.pimpa.cz\/author\/","identifier":1,"image":{"@type":"ImageObject","@id":"https:\/\/secure.gravatar.com\/avatar\/f08fec9e5d161146672022190172bcb121f980bd7a64f251ea643f4b19d0f071?s=96&d=mm&r=g","url":"https:\/\/secure.gravatar.com\/avatar\/f08fec9e5d161146672022190172bcb121f980bd7a64f251ea643f4b19d0f071?s=96&d=mm&r=g","height":96,"width":96}},"publisher":{"@type":"Organization","name":"pimpa.cz","logo":{"@type":"ImageObject","@id":"\/logo.png","url":"\/logo.png","width":600,"height":60}},"image":{"@type":"ImageObject","@id":"https:\/\/www.pimpa.cz\/wp-content\/uploads\/img_a298450_w2304_t1508787092.jpg","url":"https:\/\/www.pimpa.cz\/wp-content\/uploads\/img_a298450_w2304_t1508787092.jpg","height":0,"width":0},"wordCount":451,"keywords":null},{"@type":"Article","@id":"https:\/\/www.pimpa.cz\/neotrele-darky\/","headline":"Neot\u0159el\u00e9 d\u00e1rky","url":"https:\/\/www.pimpa.cz\/neotrele-darky\/","datePublished":"2023-05-14","dateModified":"2024-05-20","mainEntityOfPage":"https:\/\/www.pimpa.cz\/neotrele-darky\/","author":{"@type":"Person","@id":"https:\/\/www.pimpa.cz\/author\/#Person","name":"","url":"https:\/\/www.pimpa.cz\/author\/","identifier":1,"image":{"@type":"ImageObject","@id":"https:\/\/secure.gravatar.com\/avatar\/f08fec9e5d161146672022190172bcb121f980bd7a64f251ea643f4b19d0f071?s=96&d=mm&r=g","url":"https:\/\/secure.gravatar.com\/avatar\/f08fec9e5d161146672022190172bcb121f980bd7a64f251ea643f4b19d0f071?s=96&d=mm&r=g","height":96,"width":96}},"publisher":{"@type":"Organization","name":"pimpa.cz","logo":{"@type":"ImageObject","@id":"\/logo.png","url":"\/logo.png","width":600,"height":60}},"image":null,"wordCount":269,"keywords":null},{"@type":"Article","@id":"https:\/\/www.pimpa.cz\/chcete-pro-svuj-byt-jen-to-nejlepsi\/","headline":"Chcete pro sv\u016fj byt jen to nejlep\u0161\u00ed?","url":"https:\/\/www.pimpa.cz\/chcete-pro-svuj-byt-jen-to-nejlepsi\/","datePublished":"2023-04-09","dateModified":"2024-04-10","mainEntityOfPage":"https:\/\/www.pimpa.cz\/chcete-pro-svuj-byt-jen-to-nejlepsi\/","author":{"@type":"Person","@id":"https:\/\/www.pimpa.cz\/author\/#Person","name":"","url":"https:\/\/www.pimpa.cz\/author\/","identifier":1,"image":{"@type":"ImageObject","@id":"https:\/\/secure.gravatar.com\/avatar\/f08fec9e5d161146672022190172bcb121f980bd7a64f251ea643f4b19d0f071?s=96&d=mm&r=g","url":"https:\/\/secure.gravatar.com\/avatar\/f08fec9e5d161146672022190172bcb121f980bd7a64f251ea643f4b19d0f071?s=96&d=mm&r=g","height":96,"width":96}},"publisher":{"@type":"Organization","name":"pimpa.cz","logo":{"@type":"ImageObject","@id":"\/logo.png","url":"\/logo.png","width":600,"height":60}},"image":null,"wordCount":462,"keywords":null},{"@type":"Article","@id":"https:\/\/www.pimpa.cz\/vsadte-na-vlastni-elektrinu\/","headline":"Vsa\u010fte na vlastn\u00ed elekt\u0159inu","url":"https:\/\/www.pimpa.cz\/vsadte-na-vlastni-elektrinu\/","datePublished":"2023-03-19","dateModified":"2024-02-05","mainEntityOfPage":"https:\/\/www.pimpa.cz\/vsadte-na-vlastni-elektrinu\/","author":{"@type":"Person","@id":"https:\/\/www.pimpa.cz\/author\/#Person","name":"","url":"https:\/\/www.pimpa.cz\/author\/","identifier":1,"image":{"@type":"ImageObject","@id":"https:\/\/secure.gravatar.com\/avatar\/f08fec9e5d161146672022190172bcb121f980bd7a64f251ea643f4b19d0f071?s=96&d=mm&r=g","url":"https:\/\/secure.gravatar.com\/avatar\/f08fec9e5d161146672022190172bcb121f980bd7a64f251ea643f4b19d0f071?s=96&d=mm&r=g","height":96,"width":96}},"publisher":{"@type":"Organization","name":"pimpa.cz","logo":{"@type":"ImageObject","@id":"\/logo.png","url":"\/logo.png","width":600,"height":60}},"image":{"@type":"ImageObject","@id":"https:\/\/www.pimpa.cz\/wp-content\/uploads\/sss_1.jpg","url":"https:\/\/www.pimpa.cz\/wp-content\/uploads\/sss_1.jpg","height":0,"width":0},"wordCount":607,"keywords":null},{"@type":"Article","@id":"https:\/\/www.pimpa.cz\/firma-color-factory-je-profesionalem-nejen-na-tisk\/","headline":"Firma Color Factory je profesion\u00e1lem nejen na tisk","url":"https:\/\/www.pimpa.cz\/firma-color-factory-je-profesionalem-nejen-na-tisk\/","datePublished":"2023-03-04","dateModified":"2024-03-06","mainEntityOfPage":"https:\/\/www.pimpa.cz\/firma-color-factory-je-profesionalem-nejen-na-tisk\/","author":{"@type":"Person","@id":"https:\/\/www.pimpa.cz\/author\/#Person","name":"","url":"https:\/\/www.pimpa.cz\/author\/","identifier":1,"image":{"@type":"ImageObject","@id":"https:\/\/secure.gravatar.com\/avatar\/f08fec9e5d161146672022190172bcb121f980bd7a64f251ea643f4b19d0f071?s=96&d=mm&r=g","url":"https:\/\/secure.gravatar.com\/avatar\/f08fec9e5d161146672022190172bcb121f980bd7a64f251ea643f4b19d0f071?s=96&d=mm&r=g","height":96,"width":96}},"publisher":{"@type":"Organization","name":"pimpa.cz","logo":{"@type":"ImageObject","@id":"\/logo.png","url":"\/logo.png","width":600,"height":60}},"image":null,"wordCount":505,"keywords":null},{"@type":"Article","@id":"https:\/\/www.pimpa.cz\/pevna-latka\/","headline":"Pevn\u00e1 l\u00e1tka","url":"https:\/\/www.pimpa.cz\/pevna-latka\/","datePublished":"2023-02-14","dateModified":"2023-02-14","mainEntityOfPage":"https:\/\/www.pimpa.cz\/pevna-latka\/","author":{"@type":"Person","@id":"https:\/\/www.pimpa.cz\/author\/#Person","name":"","url":"https:\/\/www.pimpa.cz\/author\/","identifier":1,"image":{"@type":"ImageObject","@id":"https:\/\/secure.gravatar.com\/avatar\/f08fec9e5d161146672022190172bcb121f980bd7a64f251ea643f4b19d0f071?s=96&d=mm&r=g","url":"https:\/\/secure.gravatar.com\/avatar\/f08fec9e5d161146672022190172bcb121f980bd7a64f251ea643f4b19d0f071?s=96&d=mm&r=g","height":96,"width":96}},"publisher":{"@type":"Organization","name":"pimpa.cz","logo":{"@type":"ImageObject","@id":"\/logo.png","url":"\/logo.png","width":600,"height":60}},"image":{"@type":"ImageObject","@id":"https:\/\/www.pimpa.cz\/wp-content\/uploads\/t-shirt-g8d33d9646_1920_1.jpg","url":"https:\/\/www.pimpa.cz\/wp-content\/uploads\/t-shirt-g8d33d9646_1920_1.jpg","height":0,"width":0},"wordCount":559,"keywords":null},{"@type":"Article","@id":"https:\/\/www.pimpa.cz\/pojisteni-vozidel\/","headline":"Poji\u0161t\u011bn\u00ed vozidel","url":"https:\/\/www.pimpa.cz\/pojisteni-vozidel\/","datePublished":"2023-01-27","dateModified":"2023-01-27","mainEntityOfPage":"https:\/\/www.pimpa.cz\/pojisteni-vozidel\/","author":{"@type":"Person","@id":"https:\/\/www.pimpa.cz\/author\/#Person","name":"","url":"https:\/\/www.pimpa.cz\/author\/","identifier":1,"image":{"@type":"ImageObject","@id":"https:\/\/secure.gravatar.com\/avatar\/f08fec9e5d161146672022190172bcb121f980bd7a64f251ea643f4b19d0f071?s=96&d=mm&r=g","url":"https:\/\/secure.gravatar.com\/avatar\/f08fec9e5d161146672022190172bcb121f980bd7a64f251ea643f4b19d0f071?s=96&d=mm&r=g","height":96,"width":96}},"publisher":{"@type":"Organization","name":"pimpa.cz","logo":{"@type":"ImageObject","@id":"\/logo.png","url":"\/logo.png","width":600,"height":60}},"image":{"@type":"ImageObject","@id":"https:\/\/www.pimpa.cz\/wp-content\/uploads\/insurance-539659_1280.jpg","url":"https:\/\/www.pimpa.cz\/wp-content\/uploads\/insurance-539659_1280.jpg","height":0,"width":0},"wordCount":609,"keywords":null},{"@type":"Article","@id":"https:\/\/www.pimpa.cz\/kdy-je-ten-pravy-duvod-volat-instalatera-na-ucpany-odpad\/","headline":"Kdy je ten prav\u00fd d\u016fvod volat instalat\u00e9ra na ucpan\u00fd odpad","url":"https:\/\/www.pimpa.cz\/kdy-je-ten-pravy-duvod-volat-instalatera-na-ucpany-odpad\/","datePublished":"2023-01-22","dateModified":"2023-05-22","mainEntityOfPage":"https:\/\/www.pimpa.cz\/kdy-je-ten-pravy-duvod-volat-instalatera-na-ucpany-odpad\/","author":{"@type":"Person","@id":"https:\/\/www.pimpa.cz\/author\/#Person","name":"","url":"https:\/\/www.pimpa.cz\/author\/","identifier":1,"image":{"@type":"ImageObject","@id":"https:\/\/secure.gravatar.com\/avatar\/f08fec9e5d161146672022190172bcb121f980bd7a64f251ea643f4b19d0f071?s=96&d=mm&r=g","url":"https:\/\/secure.gravatar.com\/avatar\/f08fec9e5d161146672022190172bcb121f980bd7a64f251ea643f4b19d0f071?s=96&d=mm&r=g","height":96,"width":96}},"publisher":{"@type":"Organization","name":"pimpa.cz","logo":{"@type":"ImageObject","@id":"\/logo.png","url":"\/logo.png","width":600,"height":60}},"image":{"@type":"ImageObject","@id":"https:\/\/www.pimpa.cz\/wp-content\/uploads\/plumber-gf29785b36_640.jpg","url":"https:\/\/www.pimpa.cz\/wp-content\/uploads\/plumber-gf29785b36_640.jpg","height":0,"width":0},"wordCount":564,"keywords":null},{"@type":"Article","@id":"https:\/\/www.pimpa.cz\/chorvatsko-na-dosah\/","headline":"Chorvatsko na dosah","url":"https:\/\/www.pimpa.cz\/chorvatsko-na-dosah\/","datePublished":"2023-01-09","dateModified":"2023-05-22","mainEntityOfPage":"https:\/\/www.pimpa.cz\/chorvatsko-na-dosah\/","author":{"@type":"Person","@id":"https:\/\/www.pimpa.cz\/author\/#Person","name":"","url":"https:\/\/www.pimpa.cz\/author\/","identifier":1,"image":{"@type":"ImageObject","@id":"https:\/\/secure.gravatar.com\/avatar\/f08fec9e5d161146672022190172bcb121f980bd7a64f251ea643f4b19d0f071?s=96&d=mm&r=g","url":"https:\/\/secure.gravatar.com\/avatar\/f08fec9e5d161146672022190172bcb121f980bd7a64f251ea643f4b19d0f071?s=96&d=mm&r=g","height":96,"width":96}},"publisher":{"@type":"Organization","name":"pimpa.cz","logo":{"@type":"ImageObject","@id":"\/logo.png","url":"\/logo.png","width":600,"height":60}},"image":{"@type":"ImageObject","@id":"https:\/\/www.pimpa.cz\/wp-content\/uploads\/dubrovnik-512798_960_720_3.jpg","url":"https:\/\/www.pimpa.cz\/wp-content\/uploads\/dubrovnik-512798_960_720_3.jpg","height":0,"width":0},"wordCount":658,"keywords":null}]},{"@context":"https:\/\/schema.org","@type":"WebSite","@id":"https:\/\/www.pimpa.cz\/#website","name":"Pimpa","url":"https:\/\/www.pimpa.cz","potentialAction":{"@type":"SearchAction","target":"https:\/\/www.pimpa.cz\/?s={search_term_string}","query-input":"required name=search_term_string"}}]