[{"@context":"https:\/\/schema.org\/","@type":"Blog","@id":"https:\/\/www.pimpa.cz#Blog","headline":"Pimpa","description":"\nPodnikatel\u00e9 v\u00a0jednom kuse n\u011bco sh\u00e1n\u011bj\u00ed. Suroviny, rady, n\u00e1pady, z\u00e1kazn\u00edky a kdo v\u00ed, co v\u0161echno je\u0161t\u011b. A pr\u00e1v\u011b na na\u0161em webu v\u00a0tomto maj\u00ed na v\u00fdb\u011br.","url":"https:\/\/www.pimpa.cz","hasPart":[{"@type":"Article","@id":"https:\/\/www.pimpa.cz\/vysoke-zabezpeceni-vaseho-domu\/","headline":"Vysok\u00e9 zabezpe\u010den\u00ed Va\u0161eho domu","url":"https:\/\/www.pimpa.cz\/vysoke-zabezpeceni-vaseho-domu\/","datePublished":"2024-04-22","dateModified":"2024-04-22","mainEntityOfPage":"https:\/\/www.pimpa.cz\/vysoke-zabezpeceni-vaseho-domu\/","author":{"@type":"Person","@id":"https:\/\/www.pimpa.cz\/author\/#Person","name":"","url":"https:\/\/www.pimpa.cz\/author\/","identifier":1,"image":{"@type":"ImageObject","@id":"https:\/\/secure.gravatar.com\/avatar\/f08fec9e5d161146672022190172bcb121f980bd7a64f251ea643f4b19d0f071?s=96&d=mm&r=g","url":"https:\/\/secure.gravatar.com\/avatar\/f08fec9e5d161146672022190172bcb121f980bd7a64f251ea643f4b19d0f071?s=96&d=mm&r=g","height":96,"width":96}},"publisher":{"@type":"Organization","name":"pimpa.cz","logo":{"@type":"ImageObject","@id":"\/logo.png","url":"\/logo.png","width":600,"height":60}},"image":null,"wordCount":297,"keywords":null},{"@type":"Article","@id":"https:\/\/www.pimpa.cz\/zasobujeme-trh-hruskovou-stavou\/","headline":"Z\u00e1sobujeme trh hru\u0161kovou \u0161\u0165\u00e1vou","url":"https:\/\/www.pimpa.cz\/zasobujeme-trh-hruskovou-stavou\/","datePublished":"2024-04-20","dateModified":"2024-05-21","mainEntityOfPage":"https:\/\/www.pimpa.cz\/zasobujeme-trh-hruskovou-stavou\/","author":{"@type":"Person","@id":"https:\/\/www.pimpa.cz\/author\/#Person","name":"","url":"https:\/\/www.pimpa.cz\/author\/","identifier":1,"image":{"@type":"ImageObject","@id":"https:\/\/secure.gravatar.com\/avatar\/f08fec9e5d161146672022190172bcb121f980bd7a64f251ea643f4b19d0f071?s=96&d=mm&r=g","url":"https:\/\/secure.gravatar.com\/avatar\/f08fec9e5d161146672022190172bcb121f980bd7a64f251ea643f4b19d0f071?s=96&d=mm&r=g","height":96,"width":96}},"publisher":{"@type":"Organization","name":"pimpa.cz","logo":{"@type":"ImageObject","@id":"\/logo.png","url":"\/logo.png","width":600,"height":60}},"image":{"@type":"ImageObject","@id":"https:\/\/www.pimpa.cz\/wp-content\/uploads\/tea-6101059_640_1.jpg","url":"https:\/\/www.pimpa.cz\/wp-content\/uploads\/tea-6101059_640_1.jpg","height":0,"width":0},"wordCount":568,"keywords":null},{"@type":"Article","@id":"https:\/\/www.pimpa.cz\/spravna-volba-pro-kazde-bydleni\/","headline":"Spr\u00e1vn\u00e1 volba pro ka\u017ed\u00e9 bydlen\u00ed","url":"https:\/\/www.pimpa.cz\/spravna-volba-pro-kazde-bydleni\/","datePublished":"2024-04-09","dateModified":"2024-04-09","mainEntityOfPage":"https:\/\/www.pimpa.cz\/spravna-volba-pro-kazde-bydleni\/","author":{"@type":"Person","@id":"https:\/\/www.pimpa.cz\/author\/#Person","name":"","url":"https:\/\/www.pimpa.cz\/author\/","identifier":1,"image":{"@type":"ImageObject","@id":"https:\/\/secure.gravatar.com\/avatar\/f08fec9e5d161146672022190172bcb121f980bd7a64f251ea643f4b19d0f071?s=96&d=mm&r=g","url":"https:\/\/secure.gravatar.com\/avatar\/f08fec9e5d161146672022190172bcb121f980bd7a64f251ea643f4b19d0f071?s=96&d=mm&r=g","height":96,"width":96}},"publisher":{"@type":"Organization","name":"pimpa.cz","logo":{"@type":"ImageObject","@id":"\/logo.png","url":"\/logo.png","width":600,"height":60}},"image":null,"wordCount":288,"keywords":null},{"@type":"Article","@id":"https:\/\/www.pimpa.cz\/nejlepsi-ocelove-plechy-vam-da-nase-firma\/","headline":"Nejlep\u0161\u00ed ocelov\u00e9 plechy v\u00e1m d\u00e1 na\u0161e firma","url":"https:\/\/www.pimpa.cz\/nejlepsi-ocelove-plechy-vam-da-nase-firma\/","datePublished":"2024-04-05","dateModified":"2024-04-05","mainEntityOfPage":"https:\/\/www.pimpa.cz\/nejlepsi-ocelove-plechy-vam-da-nase-firma\/","author":{"@type":"Person","@id":"https:\/\/www.pimpa.cz\/author\/#Person","name":"","url":"https:\/\/www.pimpa.cz\/author\/","identifier":1,"image":{"@type":"ImageObject","@id":"https:\/\/secure.gravatar.com\/avatar\/f08fec9e5d161146672022190172bcb121f980bd7a64f251ea643f4b19d0f071?s=96&d=mm&r=g","url":"https:\/\/secure.gravatar.com\/avatar\/f08fec9e5d161146672022190172bcb121f980bd7a64f251ea643f4b19d0f071?s=96&d=mm&r=g","height":96,"width":96}},"publisher":{"@type":"Organization","name":"pimpa.cz","logo":{"@type":"ImageObject","@id":"\/logo.png","url":"\/logo.png","width":600,"height":60}},"image":null,"wordCount":247,"keywords":null},{"@type":"Article","@id":"https:\/\/www.pimpa.cz\/trapi-vas-problemy-s-hubnutim-nebo-si-nevite-rady-s-vasim-zdravotnim-problemem-jako-je-ekzem-alergie-opary-bradavice-a-podob\/","headline":"Tr\u00e1p\u00ed V\u00e1s probl\u00e9my s hubnut\u00edm? Nebo si nev\u00edte rady s Va\u0161\u00edm zdravotn\u00edm probl\u00e9mem jako je ekz\u00e9m, alergie, opary, bradavice a podob","url":"https:\/\/www.pimpa.cz\/trapi-vas-problemy-s-hubnutim-nebo-si-nevite-rady-s-vasim-zdravotnim-problemem-jako-je-ekzem-alergie-opary-bradavice-a-podob\/","datePublished":"2024-03-24","dateModified":"2024-03-24","mainEntityOfPage":"https:\/\/www.pimpa.cz\/trapi-vas-problemy-s-hubnutim-nebo-si-nevite-rady-s-vasim-zdravotnim-problemem-jako-je-ekzem-alergie-opary-bradavice-a-podob\/","author":{"@type":"Person","@id":"https:\/\/www.pimpa.cz\/author\/#Person","name":"","url":"https:\/\/www.pimpa.cz\/author\/","identifier":1,"image":{"@type":"ImageObject","@id":"https:\/\/secure.gravatar.com\/avatar\/f08fec9e5d161146672022190172bcb121f980bd7a64f251ea643f4b19d0f071?s=96&d=mm&r=g","url":"https:\/\/secure.gravatar.com\/avatar\/f08fec9e5d161146672022190172bcb121f980bd7a64f251ea643f4b19d0f071?s=96&d=mm&r=g","height":96,"width":96}},"publisher":{"@type":"Organization","name":"pimpa.cz","logo":{"@type":"ImageObject","@id":"\/logo.png","url":"\/logo.png","width":600,"height":60}},"image":null,"wordCount":283,"keywords":null},{"@type":"Article","@id":"https:\/\/www.pimpa.cz\/trapi-vas-starnuti\/","headline":"Tr\u00e1p\u00ed v\u00e1s st\u00e1rnut\u00ed?","url":"https:\/\/www.pimpa.cz\/trapi-vas-starnuti\/","datePublished":"2024-02-15","dateModified":"2024-03-16","mainEntityOfPage":"https:\/\/www.pimpa.cz\/trapi-vas-starnuti\/","author":{"@type":"Person","@id":"https:\/\/www.pimpa.cz\/author\/#Person","name":"","url":"https:\/\/www.pimpa.cz\/author\/","identifier":1,"image":{"@type":"ImageObject","@id":"https:\/\/secure.gravatar.com\/avatar\/f08fec9e5d161146672022190172bcb121f980bd7a64f251ea643f4b19d0f071?s=96&d=mm&r=g","url":"https:\/\/secure.gravatar.com\/avatar\/f08fec9e5d161146672022190172bcb121f980bd7a64f251ea643f4b19d0f071?s=96&d=mm&r=g","height":96,"width":96}},"publisher":{"@type":"Organization","name":"pimpa.cz","logo":{"@type":"ImageObject","@id":"\/logo.png","url":"\/logo.png","width":600,"height":60}},"image":{"@type":"ImageObject","@id":"https:\/\/www.pimpa.cz\/wp-content\/uploads\/pexels-correxiko-collagen-6475102_10_10_10_5.jpg","url":"https:\/\/www.pimpa.cz\/wp-content\/uploads\/pexels-correxiko-collagen-6475102_10_10_10_5.jpg","height":0,"width":0},"wordCount":524,"keywords":null},{"@type":"Article","@id":"https:\/\/www.pimpa.cz\/cviky-proti-prostatitide\/","headline":"Cviky proti prostatitid\u011b","url":"https:\/\/www.pimpa.cz\/cviky-proti-prostatitide\/","datePublished":"2024-01-09","dateModified":"2024-02-12","mainEntityOfPage":"https:\/\/www.pimpa.cz\/cviky-proti-prostatitide\/","author":{"@type":"Person","@id":"https:\/\/www.pimpa.cz\/author\/#Person","name":"","url":"https:\/\/www.pimpa.cz\/author\/","identifier":1,"image":{"@type":"ImageObject","@id":"https:\/\/secure.gravatar.com\/avatar\/f08fec9e5d161146672022190172bcb121f980bd7a64f251ea643f4b19d0f071?s=96&d=mm&r=g","url":"https:\/\/secure.gravatar.com\/avatar\/f08fec9e5d161146672022190172bcb121f980bd7a64f251ea643f4b19d0f071?s=96&d=mm&r=g","height":96,"width":96}},"publisher":{"@type":"Organization","name":"pimpa.cz","logo":{"@type":"ImageObject","@id":"\/logo.png","url":"\/logo.png","width":600,"height":60}},"image":{"@type":"ImageObject","@id":"https:\/\/www.pimpa.cz\/wp-content\/uploads\/pee-2267911_1280.jpg","url":"https:\/\/www.pimpa.cz\/wp-content\/uploads\/pee-2267911_1280.jpg","height":0,"width":0},"wordCount":509,"keywords":null},{"@type":"Article","@id":"https:\/\/www.pimpa.cz\/velkoobchod-wolf-vas-bude-zasobovat-doopravdy-luxusnim-zbozim\/","headline":"Velkoobchod wolf V\u00e1s bude z\u00e1sobovat doopravdy luxusn\u00edm zbo\u017e\u00edm","url":"https:\/\/www.pimpa.cz\/velkoobchod-wolf-vas-bude-zasobovat-doopravdy-luxusnim-zbozim\/","datePublished":"2024-01-08","dateModified":"2024-01-08","mainEntityOfPage":"https:\/\/www.pimpa.cz\/velkoobchod-wolf-vas-bude-zasobovat-doopravdy-luxusnim-zbozim\/","author":{"@type":"Person","@id":"https:\/\/www.pimpa.cz\/author\/#Person","name":"","url":"https:\/\/www.pimpa.cz\/author\/","identifier":1,"image":{"@type":"ImageObject","@id":"https:\/\/secure.gravatar.com\/avatar\/f08fec9e5d161146672022190172bcb121f980bd7a64f251ea643f4b19d0f071?s=96&d=mm&r=g","url":"https:\/\/secure.gravatar.com\/avatar\/f08fec9e5d161146672022190172bcb121f980bd7a64f251ea643f4b19d0f071?s=96&d=mm&r=g","height":96,"width":96}},"publisher":{"@type":"Organization","name":"pimpa.cz","logo":{"@type":"ImageObject","@id":"\/logo.png","url":"\/logo.png","width":600,"height":60}},"image":null,"wordCount":275,"keywords":null},{"@type":"Article","@id":"https:\/\/www.pimpa.cz\/masazni-virivky\/","headline":"Mas\u00e1\u017en\u00ed v\u00ed\u0159ivky","url":"https:\/\/www.pimpa.cz\/masazni-virivky\/","datePublished":"2023-12-01","dateModified":"2023-12-01","mainEntityOfPage":"https:\/\/www.pimpa.cz\/masazni-virivky\/","author":{"@type":"Person","@id":"https:\/\/www.pimpa.cz\/author\/#Person","name":"","url":"https:\/\/www.pimpa.cz\/author\/","identifier":1,"image":{"@type":"ImageObject","@id":"https:\/\/secure.gravatar.com\/avatar\/f08fec9e5d161146672022190172bcb121f980bd7a64f251ea643f4b19d0f071?s=96&d=mm&r=g","url":"https:\/\/secure.gravatar.com\/avatar\/f08fec9e5d161146672022190172bcb121f980bd7a64f251ea643f4b19d0f071?s=96&d=mm&r=g","height":96,"width":96}},"publisher":{"@type":"Organization","name":"pimpa.cz","logo":{"@type":"ImageObject","@id":"\/logo.png","url":"\/logo.png","width":600,"height":60}},"image":null,"wordCount":312,"keywords":null},{"@type":"Article","@id":"https:\/\/www.pimpa.cz\/politicke-diskuze\/","headline":"Politick\u00e9 diskuze","url":"https:\/\/www.pimpa.cz\/politicke-diskuze\/","datePublished":"2023-11-23","dateModified":"2023-11-23","mainEntityOfPage":"https:\/\/www.pimpa.cz\/politicke-diskuze\/","author":{"@type":"Person","@id":"https:\/\/www.pimpa.cz\/author\/#Person","name":"","url":"https:\/\/www.pimpa.cz\/author\/","identifier":1,"image":{"@type":"ImageObject","@id":"https:\/\/secure.gravatar.com\/avatar\/f08fec9e5d161146672022190172bcb121f980bd7a64f251ea643f4b19d0f071?s=96&d=mm&r=g","url":"https:\/\/secure.gravatar.com\/avatar\/f08fec9e5d161146672022190172bcb121f980bd7a64f251ea643f4b19d0f071?s=96&d=mm&r=g","height":96,"width":96}},"publisher":{"@type":"Organization","name":"pimpa.cz","logo":{"@type":"ImageObject","@id":"\/logo.png","url":"\/logo.png","width":600,"height":60}},"image":{"@type":"ImageObject","@id":"https:\/\/www.pimpa.cz\/wp-content\/uploads\/bundestag-2463236_640_1.jpg","url":"https:\/\/www.pimpa.cz\/wp-content\/uploads\/bundestag-2463236_640_1.jpg","height":0,"width":0},"wordCount":522,"keywords":null}]},{"@context":"https:\/\/schema.org","@type":"WebSite","@id":"https:\/\/www.pimpa.cz\/#website","name":"Pimpa","url":"https:\/\/www.pimpa.cz","potentialAction":{"@type":"SearchAction","target":"https:\/\/www.pimpa.cz\/?s={search_term_string}","query-input":"required name=search_term_string"}}]