[{"@context":"https:\/\/schema.org\/","@type":"Article","@id":"https:\/\/www.pimpa.cz\/neni-prostor-jako-prostor\/#Article","mainEntityOfPage":"https:\/\/www.pimpa.cz\/neni-prostor-jako-prostor\/","headline":"Nen\u00ed prostor jako prostor","name":"Nen\u00ed prostor jako prostor","description":"Nikdy nebudete m\u00edt doma dostatek m\u00edsta. Pokud to tedy nevy\u0159e\u0161\u00edte p\u0159\u00edmo \u0161alamounsky a nepo\u0159\u00edd\u00edte si ide\u00e1ln\u011b navr\u017een\u00e9 syst\u00e9my k ukl\u00e1d\u00e1n\u00ed. T\u0159eba i stohovateln\u00e9, \u00fa\u010deln\u011b zkonstruovan\u00e9, manipulovateln\u00e9 a hlavn\u011b vhodn\u00e9 pro ukl\u00e1d\u00e1n\u00ed v\u0161eho, co je\u0161t\u011b nem\u00e1 sv\u00e9 st\u00e1l\u00e9 m\u00edsto. Dejte prostor reg\u00e1l\u016fm. Jsou velice vhodn\u00e9 a pou\u017e\u00edvaj\u00ed je t\u00e9m\u011b\u0159 v\u0161ude. Dokonce i k v\u00e1m se budou...","datePublished":"2025-09-03","dateModified":"2025-09-03","author":{"@type":"Person","@id":"https:\/\/www.pimpa.cz\/author\/#Person","name":"","url":"https:\/\/www.pimpa.cz\/author\/","identifier":1,"image":{"@type":"ImageObject","@id":"https:\/\/secure.gravatar.com\/avatar\/f08fec9e5d161146672022190172bcb121f980bd7a64f251ea643f4b19d0f071?s=96&d=mm&r=g","url":"https:\/\/secure.gravatar.com\/avatar\/f08fec9e5d161146672022190172bcb121f980bd7a64f251ea643f4b19d0f071?s=96&d=mm&r=g","height":96,"width":96}},"publisher":{"@type":"Organization","name":"pimpa.cz","logo":{"@type":"ImageObject","@id":"\/logo.png","url":"\/logo.png","width":600,"height":60}},"url":"https:\/\/www.pimpa.cz\/neni-prostor-jako-prostor\/","wordCount":186,"articleBody":"Nikdy nebudete m\u00edt doma dostatek m\u00edsta. Pokud to tedy nevy\u0159e\u0161\u00edte p\u0159\u00edmo \u0161alamounsky a nepo\u0159\u00edd\u00edte si ide\u00e1ln\u011b navr\u017een\u00e9 syst\u00e9my k ukl\u00e1d\u00e1n\u00ed. T\u0159eba i stohovateln\u00e9, \u00fa\u010deln\u011b zkonstruovan\u00e9, manipulovateln\u00e9 a hlavn\u011b vhodn\u00e9 pro ukl\u00e1d\u00e1n\u00ed v\u0161eho, co je\u0161t\u011b nem\u00e1 sv\u00e9 st\u00e1l\u00e9 m\u00edsto. Dejte prostor reg\u00e1l\u016fm. Jsou velice vhodn\u00e9 a pou\u017e\u00edvaj\u00ed je t\u00e9m\u011b\u0159 v\u0161ude. Dokonce i k v\u00e1m se budou hodit, kdy\u017e spln\u00ed v\u0161echny va\u0161e po\u017eadavky a p\u0159\u00e1n\u00ed. Dokonal\u00fd syst\u00e9m polic a poli\u010dek V\u00fdrobu v\u0161ech mo\u017en\u00fdch policov\u00fdch syst\u00e9m\u016f najdete t\u00e9m\u011b\u0159 v ka\u017ed\u00e9m v\u011bt\u0161\u00edm m\u011bst\u011b. Z r\u016fzn\u00fdch druh\u016f \u00fa\u010deln\u011b \u010dlen\u011bn\u00fdch st\u011bn si zajist\u00e9 vyberete a uzp\u016fsob\u00edte je va\u0161emu voln\u00e9mu prostoru v byt\u011b, dom\u011b, provozovn\u011b, skladu. Napi\u0161te rozm\u011bry, ur\u010dete druh, materi\u00e1l a dal\u0161\u00ed specifika vybran\u00e9ho zbo\u017e\u00ed. U\u017e v\u00edte pro\u010d zrovna na\u0161e reg\u00e1ly? Nab\u00eddky a reference najdete na webov\u00fdch str\u00e1nk\u00e1ch.                                                                                                                                                                                                                                                                                                                                                                                                "},{"@context":"https:\/\/schema.org\/","@type":"BreadcrumbList","itemListElement":[{"@type":"ListItem","position":1,"name":"Nen\u00ed prostor jako prostor","item":"https:\/\/www.pimpa.cz\/neni-prostor-jako-prostor\/#breadcrumbitem"}]}]