[{"@context":"https:\/\/schema.org\/","@type":"Article","@id":"https:\/\/www.pimpa.cz\/koho-hnuti-trikolora-oslovi-a-ma-tato-strana-budoucnost\/#Article","mainEntityOfPage":"https:\/\/www.pimpa.cz\/koho-hnuti-trikolora-oslovi-a-ma-tato-strana-budoucnost\/","headline":"Koho hnut\u00ed Trikolora oslov\u00ed a m\u00e1 tato strana budoucnost?","name":"Koho hnut\u00ed Trikolora oslov\u00ed a m\u00e1 tato strana budoucnost?","description":"V&nbsp;roce 2019 vzniklo nov\u00e9 hnut\u00ed Trikolora zam\u011b\u0159en\u00e9 na konzervativn\u00ed a tak\u00e9 vlasteneck\u00e9 voli\u010de, veden\u00e9 &bdquo;odpadl\u00edky z&nbsp;ODS&ldquo; V\u00e1clavem Klausem ml. a Zuzanou Majerovou Zahradn\u00edkovou. To, \u017ee tato strana vznikla z&nbsp;jednoho k\u0159\u00eddla ODS ur\u010dit\u011b nen\u00ed n\u00e1hodou, jeliko\u017e konzervativn\u00ed k\u0159\u00eddlo se tvo\u0159\u00ed v&nbsp;tradi\u010dn\u00ed ODS ji\u017e dlouhou dobu. P\u0159ekvapen\u00edm v\u0161ak pro n\u011bkter\u00e9 mohlo b\u00fdti, \u017ee se z&nbsp;ODS urvali pouze...","datePublished":"2019-09-04","dateModified":"2023-05-22","author":{"@type":"Person","@id":"https:\/\/www.pimpa.cz\/author\/#Person","name":"","url":"https:\/\/www.pimpa.cz\/author\/","identifier":1,"image":{"@type":"ImageObject","@id":"https:\/\/secure.gravatar.com\/avatar\/f08fec9e5d161146672022190172bcb121f980bd7a64f251ea643f4b19d0f071?s=96&d=mm&r=g","url":"https:\/\/secure.gravatar.com\/avatar\/f08fec9e5d161146672022190172bcb121f980bd7a64f251ea643f4b19d0f071?s=96&d=mm&r=g","height":96,"width":96}},"publisher":{"@type":"Organization","name":"pimpa.cz","logo":{"@type":"ImageObject","@id":"\/logo.png","url":"\/logo.png","width":600,"height":60}},"image":{"@type":"ImageObject","@id":"https:\/\/www.pimpa.cz\/wp-content\/uploads\/img_a355036_w3772_t1569487303.png","url":"https:\/\/www.pimpa.cz\/wp-content\/uploads\/img_a355036_w3772_t1569487303.png","height":0,"width":0},"url":"https:\/\/www.pimpa.cz\/koho-hnuti-trikolora-oslovi-a-ma-tato-strana-budoucnost\/","about":["Politika"],"wordCount":458,"articleBody":"V&nbsp;roce 2019 vzniklo nov\u00e9 hnut\u00ed Trikolora zam\u011b\u0159en\u00e9 na konzervativn\u00ed a tak\u00e9 vlasteneck\u00e9 voli\u010de, veden\u00e9 &bdquo;odpadl\u00edky z&nbsp;ODS&ldquo; V\u00e1clavem Klausem ml. a Zuzanou Majerovou Zahradn\u00edkovou. To, \u017ee tato strana vznikla z&nbsp;jednoho k\u0159\u00eddla ODS ur\u010dit\u011b nen\u00ed n\u00e1hodou, jeliko\u017e konzervativn\u00ed k\u0159\u00eddlo se tvo\u0159\u00ed v&nbsp;tradi\u010dn\u00ed ODS ji\u017e dlouhou dobu. P\u0159ekvapen\u00edm v\u0161ak pro n\u011bkter\u00e9 mohlo b\u00fdti, \u017ee se z&nbsp;ODS urvali pouze 2 v\u00fd\u0161e uveden\u00ed \u010dlenov\u00e9. Po zalo\u017een\u00ed nov\u00e9ho konzervativn\u011b nacion\u00e1ln\u00edho hnut\u00ed vznik\u00e1 v\u0161ak ot\u00e1zka. Byl to dobr\u00fd tah a poda\u0159\u00ed se nejen t\u011bmto dv\u011bma person\u00e1m oslovit voli\u010de a prosadit sv\u016fj program?Na politick\u00e9m trhu byla del\u0161\u00ed dobu mezera pr\u00e1v\u011b v&nbsp;oblasti konzervativn\u00edch n\u00e1zor\u016f. Trikolora se sv\u00fdm zp\u016fsobem m\u016f\u017ee lehce podobat SPD, av\u0161ak SPD vyu\u017e\u00edv\u00e1 &bdquo;vyhrocen\u011bj\u0161\u00edch&ldquo; n\u00e1zor\u016f a sm\u011b\u0159uje v\u00edce do kraje, \u010d\u00edm\u017e se st\u00e1v\u00e1 pro mnoho osob nevoliteln\u00e1 a \u010dasto tak\u00e9 ter\u010dem posm\u011bchu. Voli\u010di SPD anebo alespo\u0148 sympatizanti jsou tud\u00ed\u017e potenci\u00e1ln\u00ed p\u0159eb\u011bhl\u00edci k&nbsp;Trikolo\u0159e. Dal\u0161\u00ed strana, kter\u00e9 m\u016f\u017ee Trikolora od\u010derpat voli\u010de, je ji\u017e d\u0159\u00edve zm\u00edn\u011bn\u00e1 ODS. V\u00e1clav Klaus ml. z\u00edskal za ODS obrovsk\u00e1 kvanta preferen\u010dn\u00edch hlas\u016f a d\u00e1 se p\u0159edpokl\u00e1dat, \u017ee si tyto voli\u010de od\u010derp\u00e1 z&nbsp;ODS pro sv\u00e9 nov\u00e9 hnut\u00ed.Nejv\u011bt\u0161\u00edm voli\u010dsk\u00fdm zdrojem mohou b\u00fdt obecn\u011b sympatizanti n\u00e1zor\u016f sou\u010dasn\u00e9ho prezidenta Milo\u0161e Zemana, jeliko\u017e s&nbsp;mnoha t\u011bmito n\u00e1zory se hnut\u00ed Trikolora ztoto\u017e\u0148uje. Pro p\u0159ipomenut\u00ed, Milo\u0161 Zeman z\u00edskal ve druh\u00fdch prezidentsk\u00fdch volb\u00e1ch n\u011bco okolo 2&nbsp;850&nbsp;000 hlas\u016f, co\u017e u\u017e je po\u0159\u00e1dn\u00e1 porce, ze kter\u00e9 se d\u00e1 \u010derpat. Mezi tyto hlasy lze po\u010d\u00edtat i velk\u00e9 mno\u017estv\u00ed hlas\u016f voli\u010d\u016f ANO, kter\u00e9mu m\u016f\u017ee Trikolora ur\u010dit\u011b p\u00e1r procent hlasuj\u00edc\u00edch od\u010derpat.V&nbsp;kone\u010dn\u00e9m d\u016fsledku lze \u0159\u00edci, \u017ee strana na\u0161la volnou n\u00e1zorovou d\u00edru a je vedena velice siln\u00fdm politikem V\u00e1clavem Klausem ml., kter\u00fd je mj. zast\u0159e\u0161ov\u00e1n tak\u00e9 jeho slavn\u00fdm otcem a b\u00fdval\u00fdm prezidentem V\u00e1clavem Havlem st.. To d\u00e1v\u00e1 stran\u011b obrovsk\u00fd potenci\u00e1l a v&nbsp;p\u0159\u00edpad\u011b dob\u0159e veden\u00e9 kampan\u011b m\u00e1 \u0161anci atakovat hranici v\u00edce ne\u017e 10 % hlas\u016f ve volb\u00e1ch do Poslaneck\u00e9 sn\u011bmovny. Cesta k&nbsp;t\u011bmto hlas\u016fm bude v\u0161ak je\u0161t\u011b dlouh\u00e1 a z\u00e1le\u017e\u00ed jen na hlavn\u00edch \u010dlenech hnut\u00ed, zda sv\u016fj potenci\u00e1l napln\u00ed.                                                                                                                                                                                                                                                                                                                                                                                        3.9\/5 - (10 votes)        "},{"@context":"https:\/\/schema.org\/","@type":"BreadcrumbList","itemListElement":[{"@type":"ListItem","position":1,"name":"Koho hnut\u00ed Trikolora oslov\u00ed a m\u00e1 tato strana budoucnost?","item":"https:\/\/www.pimpa.cz\/koho-hnuti-trikolora-oslovi-a-ma-tato-strana-budoucnost\/#breadcrumbitem"}]}]