[{"@context":"https:\/\/schema.org\/","@type":"Article","@id":"https:\/\/www.pimpa.cz\/k-cemu-jsou-lidem-palety\/#Article","mainEntityOfPage":"https:\/\/www.pimpa.cz\/k-cemu-jsou-lidem-palety\/","headline":"K \u010demu jsou lidem palety?","name":"K \u010demu jsou lidem palety?","description":"Dokud bylo lidstvo chud\u00e9, \u017e\u00e1dn\u00e9 palety nem\u011blo, proto\u017ee je vlastn\u011b ani nepot\u0159ebovalo. K \u010demu by mu tyto v\u00fdrobky byly, kdy\u017e by na n\u011b za on\u011bch d\u00e1vn\u00fdch \u010das\u016f nem\u011bl nikdo co d\u00e1t, \u017ee? Ov\u0161em dnes u\u017e jsou ony doby, kdy byl \u010dlov\u011bk je\u0161t\u011b z dne\u0161n\u00edho \u00fahlu pohledu nemajetn\u00fd a zaostal\u00fd, d\u00e1vno za n\u00e1mi. Dnes u\u017e m\u00e1me...","datePublished":"2019-10-25","dateModified":"2023-11-06","author":{"@type":"Person","@id":"https:\/\/www.pimpa.cz\/author\/#Person","name":"","url":"https:\/\/www.pimpa.cz\/author\/","identifier":1,"image":{"@type":"ImageObject","@id":"https:\/\/secure.gravatar.com\/avatar\/f08fec9e5d161146672022190172bcb121f980bd7a64f251ea643f4b19d0f071?s=96&d=mm&r=g","url":"https:\/\/secure.gravatar.com\/avatar\/f08fec9e5d161146672022190172bcb121f980bd7a64f251ea643f4b19d0f071?s=96&d=mm&r=g","height":96,"width":96}},"publisher":{"@type":"Organization","name":"pimpa.cz","logo":{"@type":"ImageObject","@id":"\/logo.png","url":"\/logo.png","width":600,"height":60}},"image":{"@type":"ImageObject","@id":"https:\/\/www.pimpa.cz\/wp-content\/uploads\/img_a365189_w1947_t1578214353.jpg","url":"https:\/\/www.pimpa.cz\/wp-content\/uploads\/img_a365189_w1947_t1578214353.jpg","height":0,"width":0},"url":"https:\/\/www.pimpa.cz\/k-cemu-jsou-lidem-palety\/","about":["N\u00e1kupy"],"wordCount":412,"articleBody":"      Dokud bylo lidstvo chud\u00e9, \u017e\u00e1dn\u00e9 palety nem\u011blo, proto\u017ee je vlastn\u011b ani nepot\u0159ebovalo. K \u010demu by mu tyto v\u00fdrobky byly, kdy\u017e by na n\u011b za on\u011bch d\u00e1vn\u00fdch \u010das\u016f nem\u011bl nikdo co d\u00e1t, \u017ee? Ov\u0161em dnes u\u017e jsou ony doby, kdy byl \u010dlov\u011bk je\u0161t\u011b z dne\u0161n\u00edho \u00fahlu pohledu nemajetn\u00fd a zaostal\u00fd, d\u00e1vno za n\u00e1mi. Dnes u\u017e m\u00e1me v\u0161eho dost. A bylo by tak nejednou velice t\u011b\u017ek\u00e9 to v\u0161echno p\u0159en\u00e1\u0161et z m\u00edsta na m\u00edsto jako kdysi kus po kuse. A pr\u00e1v\u011b proto kdesi kdosi vynalezl p\u0159epravn\u00ed palety. Aby si s jejich pomoc\u00ed maxim\u00e1ln\u011b zjednodu\u0161il pr\u00e1ci, ji\u017e ka\u017ed\u00e9 p\u0159em\u00eds\u0165ov\u00e1n\u00ed n\u011bjak\u00e9ho n\u00e1kladu logicky p\u0159edstavuje. Pokud \u010dlov\u011bk pot\u0159ebuje dopravovat v\u011bt\u0161\u00ed mno\u017estv\u00ed jednotliv\u00fdch v\u00fdrobk\u016f nebo kus\u016f materi\u00e1lu, jen t\u011b\u017eko by nalezl lep\u0161\u00ed pomocn\u00edky ne\u017e pr\u00e1v\u011b palety. A je p\u0159itom vlastn\u011b docela podru\u017en\u00e9, zda se jedn\u00e1 o typizovan\u00e9 europalety nebo o n\u011bjak\u00e9 jejich atypick\u00e9 alternativy vyroben\u00e9 p\u0159esn\u011b podle po\u017eadavk\u016f n\u011bkter\u00fdch jejich u\u017eivatel\u016f. Sta\u010d\u00ed ve\u0161ker\u00fd takov\u00fd n\u00e1klad naskl\u00e1dat na paletu, upevnit ho tu a podle pot\u0159eby dejme tomu i zabalit, a pak u\u017e sta\u010d\u00ed jenom n\u00edzko- nebo vysokozdvi\u017en\u00fd voz\u00edk a pr\u00e1ce jde v m\u017eiku daleko svi\u017en\u011bji od ruky. Jak jenom se d\u00edky palet\u00e1m snadno odv\u00e1\u017e\u00ed nemal\u00e9 n\u00e1klady do sklad\u016f a jak jenom se tam tyto snadno um\u00eds\u0165uj\u00ed, ani\u017e by zbyte\u010dn\u011b zab\u00edraly m\u00edsto! Jak snadno se jenom d\u00edky palet\u00e1m nakl\u00e1d\u00e1 to zbo\u017e\u00ed na nich na kamion, \u017eelezni\u010dn\u00ed vagon, do kontejneru a podobn\u011b, a to bez rizika, \u017ee se n\u011bco b\u011bhem nakl\u00e1dky nebo n\u00e1sledn\u00e9 p\u0159epravy po\u0161kod\u00ed \u010di dokonce zni\u010d\u00ed! Jak snadno se pak s t\u00fdm\u017e n\u00e1kladem manipuluje dejme tomu ve v\u011bt\u0161\u00edm obchod\u011b, na stavb\u011b nebo kdekoliv jinde! A pokud je pak v\u0161e z palety slo\u017eeno nebo spot\u0159ebov\u00e1no? \u017d\u00e1dn\u00fd probl\u00e9m. Takov\u00e9 palety se p\u0159ece daj\u00ed jednodu\u0161e naskl\u00e1dat na sebe a ve skladu nebo klidn\u011b i n\u011bkde na dvo\u0159e nezab\u00edraj\u00ed v\u016fbec moc m\u00edsta. Nep\u0159ek\u00e1\u017eej\u00ed a mohou \u010dekat, ne\u017e najdou nov\u00e9 uplatn\u011bn\u00ed. A ur\u010dit\u011b na n\u011b zase dojde.                                                                                                                                                                                                                                                                                                                                                                                          4\/5 - (8 votes)        "},{"@context":"https:\/\/schema.org\/","@type":"BreadcrumbList","itemListElement":[{"@type":"ListItem","position":1,"name":"K \u010demu jsou lidem palety?","item":"https:\/\/www.pimpa.cz\/k-cemu-jsou-lidem-palety\/#breadcrumbitem"}]}]