[{"@context":"https:\/\/schema.org\/","@type":"Article","@id":"https:\/\/www.pimpa.cz\/co-si-to-zase-vymysleli\/#Article","mainEntityOfPage":"https:\/\/www.pimpa.cz\/co-si-to-zase-vymysleli\/","headline":"Co si to zase vymysleli?","name":"Co si to zase vymysleli?","description":"Ned\u00e1 se \u0159\u00edci, \u017ee by m\u011bli politici v\u017edy jenom dobr\u00e9 n\u00e1pady. Co tito nejednou dok\u00e1\u017eou vymyslet, to stoj\u00ed za to, a nic na tom nem\u011bn\u00ed ani skute\u010dnost, \u017ee to t\u0159eba zd\u016fvodn\u00ed dobr\u00fdmi \u00famysly. Zn\u00e1me to z\u00a0minulosti a ani dnes tomu nen\u00ed nejednou jinak. V\u0161ichni dnes u\u017e t\u0159eba v\u00edme, \u017ee m\u00e1me automobily. A \u017ee jich m\u00e1me...","datePublished":"2022-02-10","dateModified":"2023-05-22","author":{"@type":"Person","@id":"https:\/\/www.pimpa.cz\/author\/#Person","name":"","url":"https:\/\/www.pimpa.cz\/author\/","identifier":1,"image":{"@type":"ImageObject","@id":"https:\/\/secure.gravatar.com\/avatar\/f08fec9e5d161146672022190172bcb121f980bd7a64f251ea643f4b19d0f071?s=96&d=mm&r=g","url":"https:\/\/secure.gravatar.com\/avatar\/f08fec9e5d161146672022190172bcb121f980bd7a64f251ea643f4b19d0f071?s=96&d=mm&r=g","height":96,"width":96}},"publisher":{"@type":"Organization","name":"pimpa.cz","logo":{"@type":"ImageObject","@id":"\/logo.png","url":"\/logo.png","width":600,"height":60}},"image":{"@type":"ImageObject","@id":"https:\/\/www.pimpa.cz\/wp-content\/uploads\/modern%C3%AD%20auto.jpg","url":"https:\/\/www.pimpa.cz\/wp-content\/uploads\/modern%C3%AD%20auto.jpg","height":0,"width":0},"url":"https:\/\/www.pimpa.cz\/co-si-to-zase-vymysleli\/","about":["Moto"],"wordCount":436,"articleBody":"Ned\u00e1 se \u0159\u00edci, \u017ee by m\u011bli politici v\u017edy jenom dobr\u00e9 n\u00e1pady. Co tito nejednou dok\u00e1\u017eou vymyslet, to stoj\u00ed za to, a nic na tom nem\u011bn\u00ed ani skute\u010dnost, \u017ee to t\u0159eba zd\u016fvodn\u00ed dobr\u00fdmi \u00famysly. Zn\u00e1me to z\u00a0minulosti a ani dnes tomu nen\u00ed nejednou jinak.V\u0161ichni dnes u\u017e t\u0159eba v\u00edme, \u017ee m\u00e1me automobily. A \u017ee jich m\u00e1me na na\u0161ich silnic\u00edch i jinde skute\u010dn\u011b mnoho, ba v\u00edce, ne\u017e je to \u00fanosn\u00e9. \u010c\u00edm\u017e si ni\u010d\u00edme jak nervy, kdy\u017e n\u011bkde stoj\u00edme v nekone\u010dn\u00fdch kolon\u00e1ch, tak samoz\u0159ejm\u011b i \u017eivotn\u00ed prost\u0159ed\u00ed, kter\u00e9 trp\u00ed t\u0159eba kv\u016fli v\u00fdfukov\u00fdm plyn\u016fm. A to nenechalo chladn\u00fdmi ani p\u00e1ny (a samoz\u0159ejm\u011b mysl\u00edm i d\u00e1my) z\u00a0Evropsk\u00e9ho parlamentu. Kte\u0159\u00ed prost\u011b zabrousili i do oblasti auto moto a schv\u00e1lili pro \u00fadajn\u00e9 blaho n\u00e1s lid\u00ed n\u00e1vrh z\u00e1kazu prodeje nov\u00fdch aut se spalovac\u00edmi motory od roku 2035.Tento z\u00e1kaz by m\u011bl v\u00e9st k\u00a0tomu, \u017ee se p\u0159estanou vyr\u00e1b\u011bt vozidla, kter\u00e1 produkuj\u00ed zna\u010dn\u00e9 mno\u017estv\u00ed sklen\u00edkov\u00fdch plyn\u016f, a budou nahrazena v\u00fdrobou elektromobil\u016f.\u00a0Od zm\u00edn\u011bn\u00e9ho roku bychom si tedy nem\u011bli m\u00edt mo\u017enost koupit nov\u00e9 auto se spalovac\u00edm motorem. Ale aby to nebylo n\u011bkomu l\u00edto, m\u011bla by tu b\u00fdt nad\u00e1le mo\u017enost kupovat si takov\u00e9 ojetiny.\u00a0Nem\u011blo by tedy b\u00fdt moc d\u016fvod\u016f ke st\u011b\u017eov\u00e1n\u00ed si. V\u017edy\u0165 se a\u017e tak moc nestane, a nav\u00edc bude po str\u00e1nce ekologie l\u00edp.Jen\u017ee on tu ur\u010dit\u011b d\u016fvod k\u00a0nespokojenosti je. Proto\u017ee co se stane, nastane-li takov\u00e1 situace?Kdo si koup\u00ed elektromobil, p\u0159iplat\u00ed si, proto\u017ee jde o drahou z\u00e1le\u017eitost. Kdo si koup\u00ed klasickou ojetinu, tak\u00e9 si p\u0159iplat\u00ed, proto\u017ee prodejci ojet\u00fdch aut ur\u010dit\u011b bez konkurence zv\u00fd\u0161\u00ed ceny. A co se t\u00fdk\u00e1 ekologie, kdo v\u00ed, zda bude l\u00e9pe, kdy\u017e my lid\u00e9 nam\u00edsto nov\u00fdch st\u00e1le modern\u011bj\u0161\u00edch aut na fosiln\u00ed paliva budeme jezdit n\u011bjak\u00fdmi t\u011bmi ojetinami, kter\u00e9 budou nav\u00edc logicky i ve st\u00e1le hor\u0161\u00edm a hor\u0161\u00edm stavu. A\u017e to tu v\u00a0Evrop\u011b bude mo\u017en\u00e1 jednoho dne p\u0159ipom\u00ednat Kubu. Kde jezd\u00ed po ulic\u00edch jak zn\u00e1mo spousty veter\u00e1n\u016f, ze v\u0161ech sil udr\u017eovan\u00fdch proto, \u017ee si Kub\u00e1nci nemohli u\u017e d\u00e1vno po\u0159\u00eddit nov\u00e1 vozidla.                                                                                                                                                                                                                                                                                                                                                                                        4.1\/5 - (18 votes)        "},{"@context":"https:\/\/schema.org\/","@type":"BreadcrumbList","itemListElement":[{"@type":"ListItem","position":1,"name":"Co si to zase vymysleli?","item":"https:\/\/www.pimpa.cz\/co-si-to-zase-vymysleli\/#breadcrumbitem"}]}]